{"id":2098,"date":"2024-06-12T07:22:13","date_gmt":"2024-06-12T07:22:13","guid":{"rendered":"https:\/\/chuyende.sdb.vn\/?p=2098"},"modified":"2024-06-12T07:22:17","modified_gmt":"2024-06-12T07:22:17","slug":"thanh-daminh-savio","status":"publish","type":"post","link":"https:\/\/chuyende.sdb.vn\/index.php\/2024\/06\/12\/thanh-daminh-savio\/","title":{"rendered":"Th\u00e1nh \u0110aminh Savio"},"content":{"rendered":"\n<p>Chuy\u00ean \u0110\u1ec1 3: \u0110\u1ed2NG H\u00c0NH<\/p>\n\n\n\n<figure class=\"wp-block-image size-full\"><img loading=\"lazy\" decoding=\"async\" width=\"900\" height=\"506\" src=\"https:\/\/chuyende.sdb.vn\/wp-content\/uploads\/2024\/06\/thanh-daminh-savio-6.jpg\" alt=\"\" class=\"wp-image-2099\" srcset=\"https:\/\/chuyende.sdb.vn\/wp-content\/uploads\/2024\/06\/thanh-daminh-savio-6.jpg 900w, https:\/\/chuyende.sdb.vn\/wp-content\/uploads\/2024\/06\/thanh-daminh-savio-6-300x169.jpg 300w, https:\/\/chuyende.sdb.vn\/wp-content\/uploads\/2024\/06\/thanh-daminh-savio-6-768x432.jpg 768w, https:\/\/chuyende.sdb.vn\/wp-content\/uploads\/2024\/06\/thanh-daminh-savio-6-150x84.jpg 150w, https:\/\/chuyende.sdb.vn\/wp-content\/uploads\/2024\/06\/thanh-daminh-savio-6-696x391.jpg 696w, https:\/\/chuyende.sdb.vn\/wp-content\/uploads\/2024\/06\/thanh-daminh-savio-6-600x337.jpg 600w\" sizes=\"auto, (max-width: 900px) 100vw, 900px\" \/><figcaption class=\"wp-element-caption\">Th\u00e1nh \u0110aminh Savio<\/figcaption><\/figure>\n\n\n\n<p><em>\u0110a Minh Savio sinh ng\u00e0y 02. 04. 1842 t\u1ea1i San Giovanni di Riva, v\u00f9ng Chieri, thu\u1ed9c t\u1ec9nh Torino, mi\u1ec1n B\u1eafc n\u01b0\u1edbc \u00dd. L\u00e0 m\u1ed9t thi\u1ebfu ni\u00ean d\u1ec5 th\u01b0\u01a1ng v\u00e0 n\u1ed5i b\u1eadt v\u1ec1 l\u00f2ng \u0111\u1ea1o. \u0110a Minh Savio gia nh\u1eadp nguy\u1ec7n x\u00e1 c\u1ee7a Don Bosco \u1edf Torino. T\u1ea1i \u0111\u00e2y, c\u1eadu lu\u00f4n l\u00e0 h\u1ea1t nh\u00e2n sinh \u0111\u1ed9ng v\u1ec1 n\u1ed7 l\u1ef1c s\u1ed1ng t\u1ed1t, s\u1ed1ng th\u00e1nh gi\u1eefa c\u00e1c b\u1ea1n.<\/em><\/p>\n\n\n\n<p><em>Vi\u1ec7c Savio \u0111\u01b0\u1ee3c xem l\u00e0 b\u1ed5n m\u1ea1ng c\u1ee7a nh\u1eefng b\u00e0 m\u1eb9 \u0111ang ch\u1edd sanh con xu\u1ea5t ph\u00e1t t\u1eeb s\u1ef1 ki\u1ec7n x\u1ea3y ra trong cu\u1ed9c s\u1ed1ng c\u1ee7a ng\u00e0i. Khi \u0111\u00f3 m\u1eb9 Savio g\u1eb7p nhi\u1ec1u \u0111au \u0111\u1edbn trong khi sanh, Savio \u0111\u00e3 c\u00f3 m\u1eb7t k\u1ecbp th\u1eddi \u0111\u1ec3 \u00f4m h\u00f4n m\u1eb9 v\u00e0 k\u00edn \u0111\u00e1o \u0111eo cho m\u1eb9 s\u1ee3i d\u00e2y xanh g\u1eafn \u201c\u00e1o \u0110\u1ee9c B\u00e0\u201d nho nh\u1ecf . M\u1eb9 c\u1eadu \u0111\u00e3 sinh c\u00f4 b\u00e9 Maria Catarina an to\u00e0n. Tr\u01b0\u1edbc khi m\u1ea5t, Savio d\u1eb7n m\u1eb9: \u201cChi\u1ebfc \u00e1o \u0110\u1ee9c B\u00e0 b\u00e9 nh\u1ecf con \u0111\u00e3 \u0111eo cho m\u1eb9 khi m\u1eb9 \u0111au. Xin m\u1eb9 h\u00e3y gi\u1eef v\u00e0 cho c\u00e1c b\u00e0 m\u1eb9 \u0111au nh\u01b0 m\u1eb9 m\u01b0\u1ee3n, n\u00f3 s\u1ebd c\u1ee9u nh\u1eefng ng\u01b0\u1eddi kh\u00e1c nh\u01b0 \u0111\u00e3 c\u1ee9u m\u1eb9\u201d. R\u1ea5t nhi\u1ec1u b\u00e0 m\u1eb9 s\u1eafp sinh con \u0111\u1ec1u xin \u0111\u01b0\u1ee3c \u0111eo chi\u1ebfc \u00e1o \u0110\u1ee9c B\u00e0 \u0111\u00f3, v\u00e0 \u0111\u00e3 \u0111\u01b0\u1ee3c \u201cM\u1eb9 tr\u00f2n, con vu\u00f4ng\u201d.<\/em><\/p>\n\n\n\n<p><em>\u0110a Minh Savio qua \u0111\u1eddi t\u1ea1i Mondonio ng\u00e0y 09 th\u00e1ng ba n\u0103m 1857, l\u00fac 15 tu\u1ed5i. L\u1ec5 m\u1eebng th\u00e1nh \u0110a Minh Savio c\u1eed h\u00e0nh v\u00e0o ng\u00e0y 06 th\u00e1ng 05.<\/em><\/p>\n\n\n\n<p><\/p>\n\n\n\n<p>Vicente Kajekai e Blanca Ujukan<\/p>\n\n\n\n<p>Tsensakensta (Ecuador), 2005<\/p>\n","protected":false},"excerpt":{"rendered":"<p>Chuy\u00ean \u0110\u1ec1 3: \u0110\u1ed2NG H\u00c0NH \u0110a Minh Savio sinh ng\u00e0y 02. 04. 1842 t\u1ea1i San Giovanni di Riva, v\u00f9ng Chieri, thu\u1ed9c t\u1ec9nh Torino, mi\u1ec1n B\u1eafc n\u01b0\u1edbc \u00dd. L\u00e0 m\u1ed9t thi\u1ebfu ni\u00ean d\u1ec5 th\u01b0\u01a1ng v\u00e0 n\u1ed5i b\u1eadt v\u1ec1 l\u00f2ng \u0111\u1ea1o. \u0110a Minh Savio gia nh\u1eadp nguy\u1ec7n x\u00e1 c\u1ee7a Don Bosco \u1edf Torino. T\u1ea1i \u0111\u00e2y, c\u1eadu lu\u00f4n [&hellip;]<\/p>\n","protected":false},"author":1,"featured_media":2099,"comment_status":"open","ping_status":"open","sticky":false,"template":"","format":"standard","meta":{"_acf_changed":false,"_jetpack_memberships_contains_paid_content":false,"footnotes":""},"categories":[85],"tags":[],"class_list":{"0":"post-2098","1":"post","2":"type-post","3":"status-publish","4":"format-standard","5":"has-post-thumbnail","7":"category-cacthanh"},"featured_image_src":"https:\/\/chuyende.sdb.vn\/wp-content\/uploads\/2024\/06\/thanh-daminh-savio-6.jpg","blog_images":{"medium":"https:\/\/chuyende.sdb.vn\/wp-content\/uploads\/2024\/06\/thanh-daminh-savio-6-300x169.jpg","large":"https:\/\/chuyende.sdb.vn\/wp-content\/uploads\/2024\/06\/thanh-daminh-savio-6.jpg"},"acf":[],"ams_acf":[],"jetpack_featured_media_url":"https:\/\/chuyende.sdb.vn\/wp-content\/uploads\/2024\/06\/thanh-daminh-savio-6.jpg","jetpack_sharing_enabled":true,"amp_enabled":true,"rttpg_featured_image_url":{"full":["https:\/\/chuyende.sdb.vn\/wp-content\/uploads\/2024\/06\/thanh-daminh-savio-6.jpg",900,506,false],"landscape":["https:\/\/chuyende.sdb.vn\/wp-content\/uploads\/2024\/06\/thanh-daminh-savio-6.jpg",900,506,false],"portraits":["https:\/\/chuyende.sdb.vn\/wp-content\/uploads\/2024\/06\/thanh-daminh-savio-6.jpg",900,506,false],"thumbnail":["https:\/\/chuyende.sdb.vn\/wp-content\/uploads\/2024\/06\/thanh-daminh-savio-6-150x150.jpg",150,150,true],"medium":["https:\/\/chuyende.sdb.vn\/wp-content\/uploads\/2024\/06\/thanh-daminh-savio-6-300x169.jpg",300,169,true],"large":["https:\/\/chuyende.sdb.vn\/wp-content\/uploads\/2024\/06\/thanh-daminh-savio-6.jpg",696,391,false],"1536x1536":["https:\/\/chuyende.sdb.vn\/wp-content\/uploads\/2024\/06\/thanh-daminh-savio-6.jpg",900,506,false],"2048x2048":["https:\/\/chuyende.sdb.vn\/wp-content\/uploads\/2024\/06\/thanh-daminh-savio-6.jpg",900,506,false],"td_150x0":["https:\/\/chuyende.sdb.vn\/wp-content\/uploads\/2024\/06\/thanh-daminh-savio-6-150x84.jpg",150,84,true],"td_218x150":["https:\/\/chuyende.sdb.vn\/wp-content\/uploads\/2024\/06\/thanh-daminh-savio-6-218x150.jpg",218,150,true],"td_300x0":["https:\/\/chuyende.sdb.vn\/wp-content\/uploads\/2024\/06\/thanh-daminh-savio-6-300x169.jpg",300,169,true],"td_324x400":["https:\/\/chuyende.sdb.vn\/wp-content\/uploads\/2024\/06\/thanh-daminh-savio-6-324x400.jpg",324,400,true],"td_485x360":["https:\/\/chuyende.sdb.vn\/wp-content\/uploads\/2024\/06\/thanh-daminh-savio-6-485x360.jpg",485,360,true],"td_696x0":["https:\/\/chuyende.sdb.vn\/wp-content\/uploads\/2024\/06\/thanh-daminh-savio-6-696x391.jpg",696,391,true],"td_1068x0":["https:\/\/chuyende.sdb.vn\/wp-content\/uploads\/2024\/06\/thanh-daminh-savio-6.jpg",900,506,false],"td_1920x0":["https:\/\/chuyende.sdb.vn\/wp-content\/uploads\/2024\/06\/thanh-daminh-savio-6.jpg",900,506,false],"mailpoet_newsletter_max":["https:\/\/chuyende.sdb.vn\/wp-content\/uploads\/2024\/06\/thanh-daminh-savio-6.jpg",900,506,false],"woocommerce_thumbnail":["https:\/\/chuyende.sdb.vn\/wp-content\/uploads\/2024\/06\/thanh-daminh-savio-6-300x300.jpg",300,300,true],"woocommerce_single":["https:\/\/chuyende.sdb.vn\/wp-content\/uploads\/2024\/06\/thanh-daminh-savio-6-600x337.jpg",600,337,true],"woocommerce_gallery_thumbnail":["https:\/\/chuyende.sdb.vn\/wp-content\/uploads\/2024\/06\/thanh-daminh-savio-6-100x100.jpg",100,100,true]},"rttpg_author":{"display_name":"nguyentridungsdb","author_link":"https:\/\/chuyende.sdb.vn\/index.php\/author\/nguyentridungsdb\/"},"rttpg_comment":5,"rttpg_category":"<a href=\"https:\/\/chuyende.sdb.vn\/index.php\/category\/cacthanh\/\" rel=\"category tag\">C\u00c1C TH\u00c1NH<\/a>","rttpg_excerpt":"Chuy\u00ean \u0110\u1ec1 3: \u0110\u1ed2NG H\u00c0NH \u0110a Minh Savio sinh ng\u00e0y 02. 04. 1842 t\u1ea1i San Giovanni di Riva, v\u00f9ng Chieri, thu\u1ed9c t\u1ec9nh Torino, mi\u1ec1n B\u1eafc n\u01b0\u1edbc \u00dd. L\u00e0 m\u1ed9t thi\u1ebfu ni\u00ean d\u1ec5 th\u01b0\u01a1ng v\u00e0 n\u1ed5i b\u1eadt v\u1ec1 l\u00f2ng \u0111\u1ea1o. \u0110a Minh Savio gia nh\u1eadp nguy\u1ec7n x\u00e1 c\u1ee7a Don Bosco \u1edf Torino. T\u1ea1i \u0111\u00e2y, c\u1eadu lu\u00f4n&hellip;","_links":{"self":[{"href":"https:\/\/chuyende.sdb.vn\/index.php\/wp-json\/wp\/v2\/posts\/2098","targetHints":{"allow":["GET"]}}],"collection":[{"href":"https:\/\/chuyende.sdb.vn\/index.php\/wp-json\/wp\/v2\/posts"}],"about":[{"href":"https:\/\/chuyende.sdb.vn\/index.php\/wp-json\/wp\/v2\/types\/post"}],"author":[{"embeddable":true,"href":"https:\/\/chuyende.sdb.vn\/index.php\/wp-json\/wp\/v2\/users\/1"}],"replies":[{"embeddable":true,"href":"https:\/\/chuyende.sdb.vn\/index.php\/wp-json\/wp\/v2\/comments?post=2098"}],"version-history":[{"count":1,"href":"https:\/\/chuyende.sdb.vn\/index.php\/wp-json\/wp\/v2\/posts\/2098\/revisions"}],"predecessor-version":[{"id":2100,"href":"https:\/\/chuyende.sdb.vn\/index.php\/wp-json\/wp\/v2\/posts\/2098\/revisions\/2100"}],"wp:featuredmedia":[{"embeddable":true,"href":"https:\/\/chuyende.sdb.vn\/index.php\/wp-json\/wp\/v2\/media\/2099"}],"wp:attachment":[{"href":"https:\/\/chuyende.sdb.vn\/index.php\/wp-json\/wp\/v2\/media?parent=2098"}],"wp:term":[{"taxonomy":"category","embeddable":true,"href":"https:\/\/chuyende.sdb.vn\/index.php\/wp-json\/wp\/v2\/categories?post=2098"},{"taxonomy":"post_tag","embeddable":true,"href":"https:\/\/chuyende.sdb.vn\/index.php\/wp-json\/wp\/v2\/tags?post=2098"}],"curies":[{"name":"wp","href":"https:\/\/api.w.org\/{rel}","templated":true}]}}